{"id":16729,"date":"2026-09-03T12:48:48","date_gmt":"2026-09-03T17:48:48","guid":{"rendered":"https:\/\/sarayaku.org\/?p=16729"},"modified":"2026-09-03T12:48:48","modified_gmt":"2026-09-03T17:48:48","slug":"16729-2","status":"publish","type":"post","link":"https:\/\/sarayaku.org\/en\/16729-2\/","title":{"rendered":""},"content":{"rendered":"\t\t\t<!-- Cool Timeline PRO V6.2.4 -->\n\t\t\t\t\t\t<div class=\"ctl-wrapper\" role=\"region\" aria-label=\"Timeline\">\n\t\t\t\t\t\t\t\t<div id=\"cool_timeline_1\" class=\"cool-timeline-wrapper ctl-horizontal ctl-horizontal-wrapper ctl-horizontal-timeline ctl-design-4\" data-items=\"\" data-start-on=\"0\" data-autoplay=\"false\" data-autoplay-speed=\"3000\" data-load=\"\" data-nav=\"hide\" data-line-filling=\"false\" data-nav-pos=\"right\">\n\t\t\t\t\t<div class=\"ctl-wrapper-inside\">\n\t\t\t\t\t\t\t\t\t\t\t\t\t\t\t<div id=\"ctl-slider-container\" class=\"ctl-slider-container swiper-container ctl-line-filler swiper-container-horizontal\" aria-live=\"polite\">\n\t\t\t\t<!-- Timeline Container -->\n\t\t\t\t<div class=\"ctl-slider-wrapper ctl-timeline-container swiper-wrapper\">\n\t\t\t\t\t<!-- Timeline Content --><div  id=\"ctl-post-16473\" class=\"ctl-story ctl-story-dot-icon swiper-slide odd\"  data-story-index=\"1\" role=\"article\"><!-- Post Year Section --><div data-cls=\"sc-nv-light horizontal\" class=\"timeline-year scrollable-section ctl-year ctl-year-container light-year\" data-section-title=\"2026\" id=\"year-2026\"><div class=\"ctl-year-label ctl-year-text\"><span>2026<\/span><\/div><\/div><!-- Post Label --><div class=\"ctl-labels\"><div class=\"ctl-label-big story-date\">June 19<\/div><\/div><!-- Post IconDot --><div class=\"ctl-icondot\"><\/div> <!-- Post Arrow --><div class=\"ctl-arrow\"><\/div>\n\t\t\t<!-- Post Content --><div class=\"ctl-content\"><!-- Post Title --> <div class=\"ctl-title story-16473\" role=\"heading\" aria-level=\"1\"><a target=\"_self\" title=\"Comunicado tras la Audiencia de Supervisi\u00f3n de la Corte IDH\" href=\"https:\/\/sarayaku.org\/en\/comunicado-tras-la-audiencia-de-supervision-de-la-corte-idh\/\" class=\"story-link\">Comunicado tras la Audiencia de Supervisi\u00f3n de la Corte IDH<\/a><\/div><!-- Post Media --><div class=\"ctl-media full\"><a data-glightbox=\"Comunicado tras la Audiencia de Supervisi\u00f3n de la Corte IDH\" href=\"https:\/\/sarayaku.org\/wp-content\/uploads\/2026\/06\/Captura-de-pantalla-de-2026-06-19-14-01-39.png\" class=\"ctl_glightbox\"><img loading=\"lazy\" decoding=\"async\" width=\"1020\" height=\"423\" src=\"https:\/\/sarayaku.org\/wp-content\/uploads\/2026\/06\/Captura-de-pantalla-de-2026-06-19-14-01-39-1024x425.png\" class=\"story-img wp-post-image\" alt=\"Comunicado tras la Audiencia de Supervisi\u00f3n de la Corte IDH\" srcset=\"https:\/\/sarayaku.org\/wp-content\/uploads\/2026\/06\/Captura-de-pantalla-de-2026-06-19-14-01-39-1024x425.png 1024w, https:\/\/sarayaku.org\/wp-content\/uploads\/2026\/06\/Captura-de-pantalla-de-2026-06-19-14-01-39-300x125.png 300w, https:\/\/sarayaku.org\/wp-content\/uploads\/2026\/06\/Captura-de-pantalla-de-2026-06-19-14-01-39-768x319.png 768w, https:\/\/sarayaku.org\/wp-content\/uploads\/2026\/06\/Captura-de-pantalla-de-2026-06-19-14-01-39-18x7.png 18w, https:\/\/sarayaku.org\/wp-content\/uploads\/2026\/06\/Captura-de-pantalla-de-2026-06-19-14-01-39-510x212.png 510w, https:\/\/sarayaku.org\/wp-content\/uploads\/2026\/06\/Captura-de-pantalla-de-2026-06-19-14-01-39.png 1211w\" sizes=\"auto, (max-width: 1020px) 100vw, 1020px\" \/><\/a><\/div><!-- Post Description --><div class=\"ctl-description\"><p>CASO PUEBLO KICHWA DE SARAYAKU VS. ECUADOR San Jos\u00e9, Costa Rica, a 19 de junio de 2026 Visualice el documento oficial desde este enlace Tras la audiencia privada de supervisi\u00f3n de cumplimiento de la Corte Interamericana de Derechos Humanos, la representaci\u00f3n del Pueblo Kichwa de Sarayaku y su defensa jur\u00eddica&hellip;<br \/><a class=\"read_more ctl_read_more\" target=\"_self\" href=\"https:\/\/sarayaku.org\/en\/comunicado-tras-la-audiencia-de-supervision-de-la-corte-idh\/\" role=\"link\">Read More<\/a><\/p>\n<div class=\"ctl_meta_tags\"><i class=\"fa fa-folder-open\" aria-hidden=\"true\"><\/i><span class=\"cat-links\"><span class=\"screen-reader-text\">Categories <\/span><a href=\"https:\/\/sarayaku.org\/en\/category\/prensa\/boletines\/\" rel=\"category tag\">Boletines<\/a>, <a href=\"https:\/\/sarayaku.org\/en\/category\/noticias\/caso-sarayaku\/\" rel=\"category tag\">Caso Sarayaku<\/a>, <a href=\"https:\/\/sarayaku.org\/en\/category\/noticias\/\" rel=\"category tag\">Noticias<\/a>, <a href=\"https:\/\/sarayaku.org\/en\/category\/prensa\/\" rel=\"category tag\">Prensa<\/a>, <a href=\"https:\/\/sarayaku.org\/en\/category\/prensa\/pronunciamiento\/\" rel=\"category tag\">Pronunciamiento<\/a><\/span><\/div><\/div><\/div><\/div><!-- Timeline Content --><div  id=\"ctl-post-15874\" class=\"ctl-story ctl-story-dot-icon swiper-slide even ctl-no-media\"  data-story-index=\"2\" role=\"article\"><!-- Post Year Section --><div data-cls=\"sc-nv-light horizontal\" class=\"timeline-year scrollable-section ctl-year ctl-year-container light-year\" data-section-title=\"2025\" id=\"year-2025\"><div class=\"ctl-year-label ctl-year-text\"><span>2025<\/span><\/div><\/div><!-- Post Label --><div class=\"ctl-labels\"><div class=\"ctl-label-big story-date\">November 4<\/div><\/div><!-- Post IconDot --><div class=\"ctl-icondot\"><\/div> <!-- Post Arrow --><div class=\"ctl-arrow\"><\/div>\n\t\t\t<!-- Post Content --><div class=\"ctl-content\"><!-- Post Title --> <div class=\"ctl-title story-15874\" role=\"heading\" aria-level=\"1\"><a target=\"_self\" title=\"Una nueva Constituci\u00f3n: \u00bfrenovaci\u00f3n o amenaza?\" href=\"https:\/\/sarayaku.org\/en\/una-nueva-constitucion-renovacion-o-amenaza\/\" class=\"story-link\">Una nueva Constituci\u00f3n: \u00bfrenovaci\u00f3n o amenaza?<\/a><\/div><!-- Post Description --><div class=\"ctl-description\"><p>Una nueva Constituci\u00f3n: \u00bfrenovaci\u00f3n o amenaza? Lo que los pueblos originarios del Ecuador deben saber El pr\u00f3ximo 16 de noviembre, el Ecuador decidir\u00e1 si quiere o no una nueva Constituci\u00f3n a trav\u00e9s de una Asamblea Constituyente. La pregunta parece simple, pero sus consecuencias son profundas. Si gana el \u201cS\u00ed\u201d, todo&hellip;<br \/><a class=\"read_more ctl_read_more\" target=\"_self\" href=\"https:\/\/sarayaku.org\/en\/una-nueva-constitucion-renovacion-o-amenaza\/\" role=\"link\">Read More<\/a><\/p>\n<div class=\"ctl_meta_tags\"><i class=\"fa fa-folder-open\" aria-hidden=\"true\"><\/i><span class=\"cat-links\"><span class=\"screen-reader-text\">Categories <\/span><a href=\"https:\/\/sarayaku.org\/en\/category\/noticias\/\" rel=\"category tag\">Noticias<\/a><\/span><\/div><\/div><\/div><\/div><!-- Timeline Content --><div  id=\"ctl-post-15808\" class=\"ctl-story ctl-story-dot-icon swiper-slide odd\"  data-story-index=\"3\" role=\"article\"><!-- Post Label --><div class=\"ctl-labels\"><div class=\"ctl-label-big story-date\">June 3<\/div><\/div><!-- Post IconDot --><div class=\"ctl-icondot\"><\/div> <!-- Post Arrow --><div class=\"ctl-arrow\"><\/div>\n\t\t\t<!-- Post Content --><div class=\"ctl-content\"><!-- Post Title --> <div class=\"ctl-title story-15808\" role=\"heading\" aria-level=\"1\"><a target=\"_self\" title=\"MANIFIESTO DEL ENCUENTRO REGIONAL DE LOS PUEBLOS ORIGINARIOS Y TRIBALES DE AM\u00c9RICA LATINA EN RESISTENCIA.\" href=\"https:\/\/sarayaku.org\/en\/manifiesto-del-encuentro-regional-de-los-pueblos-originarios-y-tribales-de-america-latina-en-resistencia\/\" class=\"story-link\">MANIFIESTO DEL ENCUENTRO REGIONAL DE LOS PUEBLOS ORIGINARIOS Y TRIBALES DE AM\u00c9RICA LATINA EN RESISTENCIA.<\/a><\/div><!-- Post Media --><div class=\"ctl-media full\"><a data-glightbox=\"MANIFIESTO DEL ENCUENTRO REGIONAL DE LOS PUEBLOS ORIGINARIOS Y TRIBALES DE AM\u00c9RICA LATINA EN RESISTENCIA.\" href=\"https:\/\/sarayaku.org\/wp-content\/uploads\/2025\/06\/images.jpeg\" class=\"ctl_glightbox\"><img loading=\"lazy\" decoding=\"async\" width=\"300\" height=\"168\" src=\"https:\/\/sarayaku.org\/wp-content\/uploads\/2025\/06\/images.jpeg\" class=\"story-img wp-post-image\" alt=\"MANIFIESTO DEL ENCUENTRO REGIONAL DE LOS PUEBLOS ORIGINARIOS Y TRIBALES DE AM\u00c9RICA LATINA EN RESISTENCIA.\" srcset=\"https:\/\/sarayaku.org\/wp-content\/uploads\/2025\/06\/images.jpeg 300w, https:\/\/sarayaku.org\/wp-content\/uploads\/2025\/06\/images-18x10.jpeg 18w\" sizes=\"auto, (max-width: 300px) 100vw, 300px\" \/><\/a><\/div><!-- Post Description --><div class=\"ctl-description\"><p>Sarayaku, mayo 24 de 2025 Nosotros, los Pueblos y Naciones Originarias que hemos existido antes de la invasi\u00f3n colonial y la conformaci\u00f3n de las \u201crep\u00fablicas\u201d, hoy junto a los hermanos de los pueblos tribales del Abya Yala (Am\u00e9rica Latina), nos hemos unidos para tomar acciones articuladas por la defensa de&hellip;<br \/><a class=\"read_more ctl_read_more\" target=\"_self\" href=\"https:\/\/sarayaku.org\/en\/manifiesto-del-encuentro-regional-de-los-pueblos-originarios-y-tribales-de-america-latina-en-resistencia\/\" role=\"link\">Read More<\/a><\/p>\n<div class=\"ctl_meta_tags\"><i class=\"fa fa-folder-open\" aria-hidden=\"true\"><\/i><span class=\"cat-links\"><span class=\"screen-reader-text\">Categories <\/span><a href=\"https:\/\/sarayaku.org\/en\/category\/noticias\/\" rel=\"category tag\">Noticias<\/a><\/span><\/div><\/div><\/div><\/div><!-- Timeline Content --><div  id=\"ctl-post-15776\" class=\"ctl-story ctl-story-dot-icon swiper-slide even ctl-no-media\"  data-story-index=\"4\" role=\"article\"><!-- Post Year Section --><div data-cls=\"sc-nv-light horizontal\" class=\"timeline-year scrollable-section ctl-year ctl-year-container light-year\" data-section-title=\"2024\" id=\"year-2024\"><div class=\"ctl-year-label ctl-year-text\"><span>2024<\/span><\/div><\/div><!-- Post Label --><div class=\"ctl-labels\"><div class=\"ctl-label-big story-date\">November 8<\/div><\/div><!-- Post IconDot --><div class=\"ctl-icondot\"><\/div> <!-- Post Arrow --><div class=\"ctl-arrow\"><\/div>\n\t\t\t<!-- Post Content --><div class=\"ctl-content\"><!-- Post Title --> <div class=\"ctl-title story-15776\" role=\"heading\" aria-level=\"1\"><a target=\"_self\" title=\"Declaraci\u00f3n del Pueblo Originario Kichwa de Sarayaku\" href=\"https:\/\/sarayaku.org\/en\/declaracion-del-pueblo-originario-kichwa-de-sarayaku\/\" class=\"story-link\">Declaraci\u00f3n del Pueblo Originario Kichwa de Sarayaku<\/a><\/div><!-- Post Description --><div class=\"ctl-description\"><p>TRANSFORMANDO PERSPECTIVA DESDE LOS SERES VIVIENTES<\/p>\n<div class=\"ctl_meta_tags\"><i class=\"fa fa-folder-open\" aria-hidden=\"true\"><\/i><span class=\"cat-links\"><span class=\"screen-reader-text\">Categories <\/span><a href=\"https:\/\/sarayaku.org\/en\/category\/noticias\/\" rel=\"category tag\">Noticias<\/a><\/span><\/div><\/div><\/div><\/div><!-- Timeline Content --><div  id=\"ctl-post-15206\" class=\"ctl-story ctl-story-dot-icon swiper-slide odd ctl-no-media\"  data-story-index=\"5\" role=\"article\"><!-- Post Label --><div class=\"ctl-labels\"><div class=\"ctl-label-big story-date\">February 14<\/div><\/div><!-- Post IconDot --><div class=\"ctl-icondot\"><\/div> <!-- Post Arrow --><div class=\"ctl-arrow\"><\/div>\n\t\t\t<!-- Post Content --><div class=\"ctl-content\"><!-- Post Title --> <div class=\"ctl-title story-15206\" role=\"heading\" aria-level=\"1\"><a target=\"_self\" title=\"Bolet\u00edn  de Prensa\" href=\"https:\/\/sarayaku.org\/en\/boletin-de-prensa-5\/\" class=\"story-link\">Bolet\u00edn  de Prensa<\/a><\/div><!-- Post Description --><div class=\"ctl-description\"><p>[vc_carousel]<\/p>\n<div class=\"ctl_meta_tags\"><i class=\"fa fa-folder-open\" aria-hidden=\"true\"><\/i><span class=\"cat-links\"><span class=\"screen-reader-text\">Categories <\/span><a href=\"https:\/\/sarayaku.org\/en\/category\/prensa\/boletines\/\" rel=\"category tag\">Boletines<\/a>, <a href=\"https:\/\/sarayaku.org\/en\/category\/noticias\/caso-sarayaku\/\" rel=\"category tag\">Caso Sarayaku<\/a><\/span><\/div><\/div><\/div><\/div><!-- Timeline Content --><div  id=\"ctl-post-15787\" class=\"ctl-story ctl-story-dot-icon swiper-slide even\"  data-story-index=\"6\" role=\"article\"><!-- Post Year Section --><div data-cls=\"sc-nv-light horizontal\" class=\"timeline-year scrollable-section ctl-year ctl-year-container light-year\" data-section-title=\"2023\" id=\"year-2023\"><div class=\"ctl-year-label ctl-year-text\"><span>2023<\/span><\/div><\/div><!-- Post Label --><div class=\"ctl-labels\"><div class=\"ctl-label-big story-date\">January 30<\/div><\/div><!-- Post IconDot --><div class=\"ctl-icondot\"><\/div> <!-- Post Arrow --><div class=\"ctl-arrow\"><\/div>\n\t\t\t<!-- Post Content --><div class=\"ctl-content\"><!-- Post Title --> <div class=\"ctl-title story-15787\" role=\"heading\" aria-level=\"1\"><a target=\"_self\" title=\"Pueblo Kichwa de Sarayaku particip\u00f3 en el Wellness Fest de Vilcabamba\" href=\"https:\/\/sarayaku.org\/en\/pueblo-kichwa-de-sarayaku-participo-en-el-wellness-fest-de-vilcabamba\/\" class=\"story-link\">Pueblo Kichwa de Sarayaku particip\u00f3 en el Wellness Fest de Vilcabamba<\/a><\/div><!-- Post Media --><div class=\"ctl-media full\"><a data-glightbox=\"Pueblo Kichwa de Sarayaku particip\u00f3 en el Wellness Fest de Vilcabamba\" href=\"https:\/\/sarayaku.org\/wp-content\/uploads\/2025\/01\/C0158-frame-at-0m2s-scaled.jpg\" class=\"ctl_glightbox\"><img loading=\"lazy\" decoding=\"async\" width=\"1020\" height=\"574\" src=\"https:\/\/sarayaku.org\/wp-content\/uploads\/2025\/01\/C0158-frame-at-0m2s-1024x576.jpg\" class=\"story-img wp-post-image\" alt=\"Representante del pueblo kichwa de Sarayaku al Wellness Fest Vilcabamba\" srcset=\"https:\/\/sarayaku.org\/wp-content\/uploads\/2025\/01\/C0158-frame-at-0m2s-1024x576.jpg 1024w, https:\/\/sarayaku.org\/wp-content\/uploads\/2025\/01\/C0158-frame-at-0m2s-scaled-510x287.jpg 510w, https:\/\/sarayaku.org\/wp-content\/uploads\/2025\/01\/C0158-frame-at-0m2s-300x169.jpg 300w, https:\/\/sarayaku.org\/wp-content\/uploads\/2025\/01\/C0158-frame-at-0m2s-768x432.jpg 768w, https:\/\/sarayaku.org\/wp-content\/uploads\/2025\/01\/C0158-frame-at-0m2s-1536x864.jpg 1536w, https:\/\/sarayaku.org\/wp-content\/uploads\/2025\/01\/C0158-frame-at-0m2s-2048x1152.jpg 2048w, https:\/\/sarayaku.org\/wp-content\/uploads\/2025\/01\/C0158-frame-at-0m2s-18x10.jpg 18w, https:\/\/sarayaku.org\/wp-content\/uploads\/2025\/01\/C0158-frame-at-0m2s-672x378.jpg 672w, https:\/\/sarayaku.org\/wp-content\/uploads\/2025\/01\/C0158-frame-at-0m2s-1038x584.jpg 1038w, https:\/\/sarayaku.org\/wp-content\/uploads\/2025\/01\/C0158-frame-at-0m2s-scaled-480x270.jpg 480w\" sizes=\"auto, (max-width: 1020px) 100vw, 1020px\" \/><\/a><\/div><!-- Post Description --><div class=\"ctl-description\"><p>Pueblo Kichwa de Sarayaku particip\u00f3 en el Wellness Fest de Vilcabamba El pueblo originario de Sarayaku volvi\u00f3 a ser parte del Vilcabamba Wellness Fest, participando por segunda ocasi\u00f3n en este importante evento que celebra la conexi\u00f3n con la naturaleza, el bienestar y la sabidur\u00eda ancestral. Gracias a la invitaci\u00f3n de&hellip;<br \/><a class=\"read_more ctl_read_more\" target=\"_self\" href=\"https:\/\/sarayaku.org\/en\/pueblo-kichwa-de-sarayaku-participo-en-el-wellness-fest-de-vilcabamba\/\" role=\"link\">Read More<\/a><\/p>\n<div class=\"ctl_meta_tags\"><i class=\"fa fa-folder-open\" aria-hidden=\"true\"><\/i><span class=\"cat-links\"><span class=\"screen-reader-text\">Categories <\/span><a href=\"https:\/\/sarayaku.org\/en\/category\/noticias\/\" rel=\"category tag\">Noticias<\/a><\/span><\/div><\/div><\/div><\/div><!-- Timeline Content --><div  id=\"ctl-post-15157\" class=\"ctl-story ctl-story-dot-icon swiper-slide odd\"  data-story-index=\"7\" role=\"article\"><!-- Post Year Section --><div data-cls=\"sc-nv-light horizontal\" class=\"timeline-year scrollable-section ctl-year ctl-year-container light-year\" data-section-title=\"2022\" id=\"year-2022\"><div class=\"ctl-year-label ctl-year-text\"><span>2022<\/span><\/div><\/div><!-- Post Label --><div class=\"ctl-labels\"><div class=\"ctl-label-big story-date\">October 24<\/div><\/div><!-- Post IconDot --><div class=\"ctl-icondot\"><\/div> <!-- Post Arrow --><div class=\"ctl-arrow\"><\/div>\n\t\t\t<!-- Post Content --><div class=\"ctl-content\"><!-- Post Title --> <div class=\"ctl-title story-15157\" role=\"heading\" aria-level=\"1\"><a target=\"_self\" title=\"PRONUNCIAMIENTO DE LAS Y LOS JOVENES DE LA AMAZONIA DEL ECUADOR Y PERU PARA LA DEFENSA Y CUIDADO DE LOS TERRITORIOS Y LA VIDA\" href=\"https:\/\/sarayaku.org\/en\/jovenes-amazonicos-ecuador-peru-defensa-cuidado-de-territorios-y-vida\/\" class=\"story-link\">PRONUNCIAMIENTO DE LAS Y LOS JOVENES DE LA AMAZONIA DEL ECUADOR Y PERU PARA LA DEFENSA Y CUIDADO DE LOS TERRITORIOS Y LA VIDA<\/a><\/div><!-- Post Media --><div class=\"ctl-media full\"><a data-glightbox=\"PRONUNCIAMIENTO DE LAS Y LOS JOVENES DE LA AMAZONIA DEL ECUADOR Y PERU PARA LA DEFENSA Y CUIDADO DE LOS TERRITORIOS Y LA VIDA\" href=\"https:\/\/sarayaku.org\/wp-content\/uploads\/2022\/10\/WhatsApp-Image-2022-10-24-at-07.21.43-9.jpeg\" class=\"ctl_glightbox\"><img loading=\"lazy\" decoding=\"async\" width=\"1020\" height=\"765\" src=\"https:\/\/sarayaku.org\/wp-content\/uploads\/2022\/10\/WhatsApp-Image-2022-10-24-at-07.21.43-9.jpeg\" class=\"story-img wp-post-image\" alt=\"\u201cIntercambio de J\u00f3venes de la Amazonia Ecuatoriana y Peruana para la defensa de los Territorios y la vida\u201d\" srcset=\"https:\/\/sarayaku.org\/wp-content\/uploads\/2022\/10\/WhatsApp-Image-2022-10-24-at-07.21.43-9.jpeg 1024w, https:\/\/sarayaku.org\/wp-content\/uploads\/2022\/10\/WhatsApp-Image-2022-10-24-at-07.21.43-9-200x150.jpeg 200w, https:\/\/sarayaku.org\/wp-content\/uploads\/2022\/10\/WhatsApp-Image-2022-10-24-at-07.21.43-9-300x225.jpeg 300w, https:\/\/sarayaku.org\/wp-content\/uploads\/2022\/10\/WhatsApp-Image-2022-10-24-at-07.21.43-9-768x576.jpeg 768w, https:\/\/sarayaku.org\/wp-content\/uploads\/2022\/10\/WhatsApp-Image-2022-10-24-at-07.21.43-9-16x12.jpeg 16w, https:\/\/sarayaku.org\/wp-content\/uploads\/2022\/10\/WhatsApp-Image-2022-10-24-at-07.21.43-9-510x383.jpeg 510w, https:\/\/sarayaku.org\/wp-content\/uploads\/2022\/10\/WhatsApp-Image-2022-10-24-at-07.21.43-9-672x504.jpeg 672w, https:\/\/sarayaku.org\/wp-content\/uploads\/2022\/10\/WhatsApp-Image-2022-10-24-at-07.21.43-9-480x360.jpeg 480w\" sizes=\"auto, (max-width: 1020px) 100vw, 1020px\" \/><\/a><\/div><!-- Post Description --><div class=\"ctl-description\"><p>En el territorio del Pueblo Originario Kichwa de Sarayaku, del 17 al 21 de octubre de2022 en el \u201cIntercambio de J\u00f3venes de la Amazonia Ecuatoriana y Peruana (Shipibo\u2013 konibo) para la defensa de los Territorios y la vida\u201d, nos dimos cita y compartimosnuestras experiencias, saberes y cosmovivencias, frente a la&hellip;<br \/><a class=\"read_more ctl_read_more\" target=\"_self\" href=\"https:\/\/sarayaku.org\/en\/jovenes-amazonicos-ecuador-peru-defensa-cuidado-de-territorios-y-vida\/\" role=\"link\">Read More<\/a><\/p>\n<div class=\"ctl_meta_tags\"><i class=\"fa fa-folder-open\" aria-hidden=\"true\"><\/i><span class=\"cat-links\"><span class=\"screen-reader-text\">Categories <\/span><a href=\"https:\/\/sarayaku.org\/en\/category\/noticias\/\" rel=\"category tag\">Noticias<\/a>, <a href=\"https:\/\/sarayaku.org\/en\/category\/prensa\/pronunciamiento\/\" rel=\"category tag\">Pronunciamiento<\/a><\/span><\/div><\/div><\/div><\/div><!-- Timeline Content --><div  id=\"ctl-post-15122\" class=\"ctl-story ctl-story-dot-icon swiper-slide even\"  data-story-index=\"8\" role=\"article\"><!-- Post Label --><div class=\"ctl-labels\"><div class=\"ctl-label-big story-date\">August 4<\/div><\/div><!-- Post IconDot --><div class=\"ctl-icondot\"><\/div> <!-- Post Arrow --><div class=\"ctl-arrow\"><\/div>\n\t\t\t<!-- Post Content --><div class=\"ctl-content\"><!-- Post Title --> <div class=\"ctl-title story-15122\" role=\"heading\" aria-level=\"1\"><a target=\"_self\" title=\"Acuerdo Global de Sarayaku. Kawsari\" href=\"https:\/\/sarayaku.org\/en\/acuerdo-global-sarayaku\/\" class=\"story-link\">Acuerdo Global de Sarayaku. Kawsari<\/a><\/div><!-- Post Media --><div class=\"ctl-media full\"><a data-glightbox=\"Acuerdo Global de Sarayaku. Kawsari\" href=\"https:\/\/sarayaku.org\/wp-content\/uploads\/2022\/08\/294766776_5705970929433432_3200391897964919091_n.jpg\" class=\"ctl_glightbox\"><img loading=\"lazy\" decoding=\"async\" width=\"457\" height=\"541\" src=\"https:\/\/sarayaku.org\/wp-content\/uploads\/2022\/08\/294766776_5705970929433432_3200391897964919091_n.jpg\" class=\"story-img wp-post-image\" alt=\"Acuerdo Global de Sarayaku. Kawsari\" srcset=\"https:\/\/sarayaku.org\/wp-content\/uploads\/2022\/08\/294766776_5705970929433432_3200391897964919091_n.jpg 457w, https:\/\/sarayaku.org\/wp-content\/uploads\/2022\/08\/294766776_5705970929433432_3200391897964919091_n-253x300.jpg 253w, https:\/\/sarayaku.org\/wp-content\/uploads\/2022\/08\/294766776_5705970929433432_3200391897964919091_n-10x12.jpg 10w, https:\/\/sarayaku.org\/wp-content\/uploads\/2022\/08\/294766776_5705970929433432_3200391897964919091_n-480x568.jpg 480w\" sizes=\"auto, (max-width: 457px) 100vw, 457px\" \/><\/a><\/div><!-- Post Description --><div class=\"ctl-description\"><p>ACUERDO GLOBAL DE SARAYAKU\u00a0 \u00a0LOS PUEBLOS ORIGINARIOS POR EL KAWSAK SACHA \u2013SELVA VIVIENTE, SER VIVO, CONSCIENTE Y SUJETO DE DERECHOS\u00a0 PRE\u00c1MBULO \u00a0 Los Pueblos Originarios, del mundo, hemos puesto en pr\u00e1ctica junto a la Pachamama o Madre Tierra el principio del Kawsak Sacha-Selva Viviente, de acuerdo a los contextos culturales&hellip;<br \/><a class=\"read_more ctl_read_more\" target=\"_self\" href=\"https:\/\/sarayaku.org\/en\/acuerdo-global-sarayaku\/\" role=\"link\">Read More<\/a><\/p>\n<div class=\"ctl_meta_tags\"><i class=\"fa fa-folder-open\" aria-hidden=\"true\"><\/i><span class=\"cat-links\"><span class=\"screen-reader-text\">Categories <\/span><a href=\"https:\/\/sarayaku.org\/en\/category\/noticias\/\" rel=\"category tag\">Noticias<\/a><\/span><\/div><\/div><\/div><\/div><!-- Timeline Content --><div  id=\"ctl-post-15052\" class=\"ctl-story ctl-story-dot-icon swiper-slide odd\"  data-story-index=\"9\" role=\"article\"><!-- Post Label --><div class=\"ctl-labels\"><div class=\"ctl-label-big story-date\">July 27<\/div><\/div><!-- Post IconDot --><div class=\"ctl-icondot\"><\/div> <!-- Post Arrow --><div class=\"ctl-arrow\"><\/div>\n\t\t\t<!-- Post Content --><div class=\"ctl-content\"><!-- Post Title --> <div class=\"ctl-title story-15052\" role=\"heading\" aria-level=\"1\"><a target=\"_self\" title=\"Sarayaku reafirma su autodeterminaci\u00f3n y dignidad. Kawsari 2022\" href=\"https:\/\/sarayaku.org\/en\/sarayaku-reafirma-su-autodeterminacion-y-dignidad-kawsari-2022\/\" class=\"story-link\">Sarayaku reafirma su autodeterminaci\u00f3n y dignidad. Kawsari 2022<\/a><\/div><!-- Post Media --><div class=\"ctl-media full\"><a data-glightbox=\"Sarayaku reafirma su autodeterminaci\u00f3n y dignidad. Kawsari 2022\" href=\"https:\/\/sarayaku.org\/wp-content\/uploads\/2022\/07\/296099162_5477904658935462_7422591916375439120_n.jpg\" class=\"ctl_glightbox\"><img loading=\"lazy\" decoding=\"async\" width=\"1020\" height=\"705\" src=\"https:\/\/sarayaku.org\/wp-content\/uploads\/2022\/07\/296099162_5477904658935462_7422591916375439120_n-1024x708.jpg\" class=\"story-img wp-post-image\" alt=\"Kawsak Sacha en el entendimiento del presidente del Consejo de Gobierno de Sarayaku\" srcset=\"https:\/\/sarayaku.org\/wp-content\/uploads\/2022\/07\/296099162_5477904658935462_7422591916375439120_n-1024x708.jpg 1024w, https:\/\/sarayaku.org\/wp-content\/uploads\/2022\/07\/296099162_5477904658935462_7422591916375439120_n-300x208.jpg 300w, https:\/\/sarayaku.org\/wp-content\/uploads\/2022\/07\/296099162_5477904658935462_7422591916375439120_n-768x531.jpg 768w, https:\/\/sarayaku.org\/wp-content\/uploads\/2022\/07\/296099162_5477904658935462_7422591916375439120_n-18x12.jpg 18w, https:\/\/sarayaku.org\/wp-content\/uploads\/2022\/07\/296099162_5477904658935462_7422591916375439120_n-510x353.jpg 510w, https:\/\/sarayaku.org\/wp-content\/uploads\/2022\/07\/296099162_5477904658935462_7422591916375439120_n-672x465.jpg 672w, https:\/\/sarayaku.org\/wp-content\/uploads\/2022\/07\/296099162_5477904658935462_7422591916375439120_n-1038x718.jpg 1038w, https:\/\/sarayaku.org\/wp-content\/uploads\/2022\/07\/296099162_5477904658935462_7422591916375439120_n-480x332.jpg 480w, https:\/\/sarayaku.org\/wp-content\/uploads\/2022\/07\/296099162_5477904658935462_7422591916375439120_n.jpg 1200w\" sizes=\"auto, (max-width: 1020px) 100vw, 1020px\" \/><\/a><\/div><!-- Post Description --><div class=\"ctl-description\"><p>Sarayaku reafirma su autodeterminaci\u00f3n y dignidad. Kawsari 2022 El Pueblo Originario Kichwa de Sarayaku celebr\u00f3 durante el 26 y 27 de julio del 2022 un Encuentro de Saberes por el Kawsak Sacha con la participaci\u00f3n de mas de 200 personas\u00a0 representantes de pueblos y nacionalidades de Ecuador, Per\u00fa y Colombia.&hellip;<br \/><a class=\"read_more ctl_read_more\" target=\"_self\" href=\"https:\/\/sarayaku.org\/en\/sarayaku-reafirma-su-autodeterminacion-y-dignidad-kawsari-2022\/\" role=\"link\">Read More<\/a><\/p>\n<div class=\"ctl_meta_tags\"><i class=\"fa fa-folder-open\" aria-hidden=\"true\"><\/i><span class=\"cat-links\"><span class=\"screen-reader-text\">Categories <\/span><a href=\"https:\/\/sarayaku.org\/en\/category\/noticias\/\" rel=\"category tag\">Noticias<\/a><\/span><\/div><\/div><\/div><\/div><!-- Timeline Content --><div  id=\"ctl-post-14911\" class=\"ctl-story ctl-story-dot-icon swiper-slide even\"  data-story-index=\"10\" role=\"article\"><!-- Post Label --><div class=\"ctl-labels\"><div class=\"ctl-label-big story-date\">June 9<\/div><\/div><!-- Post IconDot --><div class=\"ctl-icondot\"><\/div> <!-- Post Arrow --><div class=\"ctl-arrow\"><\/div>\n\t\t\t<!-- Post Content --><div class=\"ctl-content\"><!-- Post Title --> <div class=\"ctl-title story-14911\" role=\"heading\" aria-level=\"1\"><a target=\"_self\" title=\"Crowdfunding Kawsari\" href=\"https:\/\/sarayaku.org\/en\/crowdfunding-kawsari\/\" class=\"story-link\">Crowdfunding Kawsari<\/a><\/div><!-- Post Media --><div class=\"ctl-media full\"><a data-glightbox=\"Crowdfunding Kawsari\" href=\"https:\/\/sarayaku.org\/wp-content\/uploads\/2022\/06\/PORTADA-KAWSARI-facebook-1-scaled.png\" class=\"ctl_glightbox\"><img loading=\"lazy\" decoding=\"async\" width=\"1020\" height=\"468\" src=\"https:\/\/sarayaku.org\/wp-content\/uploads\/2022\/06\/PORTADA-KAWSARI-facebook-1-1024x470.png\" class=\"story-img wp-post-image\" alt=\"Crowdfunding Kawsari\" srcset=\"https:\/\/sarayaku.org\/wp-content\/uploads\/2022\/06\/PORTADA-KAWSARI-facebook-1-1024x470.png 1024w, https:\/\/sarayaku.org\/wp-content\/uploads\/2022\/06\/PORTADA-KAWSARI-facebook-1-18x8.png 18w, https:\/\/sarayaku.org\/wp-content\/uploads\/2022\/06\/PORTADA-KAWSARI-facebook-1-300x138.png 300w, https:\/\/sarayaku.org\/wp-content\/uploads\/2022\/06\/PORTADA-KAWSARI-facebook-1-768x353.png 768w, https:\/\/sarayaku.org\/wp-content\/uploads\/2022\/06\/PORTADA-KAWSARI-facebook-1-1536x705.png 1536w, https:\/\/sarayaku.org\/wp-content\/uploads\/2022\/06\/PORTADA-KAWSARI-facebook-1-2048x940.png 2048w, https:\/\/sarayaku.org\/wp-content\/uploads\/2022\/06\/PORTADA-KAWSARI-facebook-1-510x234.png 510w, https:\/\/sarayaku.org\/wp-content\/uploads\/2022\/06\/PORTADA-KAWSARI-facebook-1-672x309.png 672w, https:\/\/sarayaku.org\/wp-content\/uploads\/2022\/06\/PORTADA-KAWSARI-facebook-1-1038x477.png 1038w, https:\/\/sarayaku.org\/wp-content\/uploads\/2022\/06\/PORTADA-KAWSARI-facebook-1-480x220.png 480w\" sizes=\"auto, (max-width: 1020px) 100vw, 1020px\" \/><\/a><\/div><!-- Post Description --><div class=\"ctl-description\"><p>Apoya el Kawsari I (Encuentro de Saberes de los Pueblos Originarios para el Kawsak Sacha \u2013 Selva Viviente) A finales del pr\u00f3ximo mes de julio del 2022, el Pueblo Originario Kichwa de Sarayaku realizar\u00e1 un ejercicio de autodeterminaci\u00f3n en defensa de los terriotorios de los pueblos originarios. Kawsari I (Encuentro&hellip;<br \/><a class=\"read_more ctl_read_more\" target=\"_self\" href=\"https:\/\/sarayaku.org\/en\/crowdfunding-kawsari\/\" role=\"link\">Read More<\/a><\/p>\n<div class=\"ctl_meta_tags\"><i class=\"fa fa-folder-open\" aria-hidden=\"true\"><\/i><span class=\"cat-links\"><span class=\"screen-reader-text\">Categories <\/span><a href=\"https:\/\/sarayaku.org\/en\/category\/noticias\/\" rel=\"category tag\">Noticias<\/a><\/span><\/div><\/div><\/div><\/div>\t\t\t\t<\/div>\n\t\t\t\t<span class=\"swiper-notification\" aria-live=\"assertive\" aria-atomic=\"true\"><\/span>\n\t\t\t<\/div>\n\t\t\t\t\t\t\t\t<\/div>\n\t\t\t\t\t\t\t\t<!-- Swiper Next button -->\n\t\t\t<div class=\"ctl-button-prev swiper-button-disabled\" tabindex=\"0\" role=\"button\" aria-label=\"Previous slide\" aria-disabled=\"true\">\n\t\t\t\t<svg xmlns=\"http:\/\/www.w3.org\/2000\/svg\" height=\"1em\" viewBox=\"0 0 320 512\">\n\t\t\t\t<path d=\"M34.52 239.03L228.87 44.69c9.37-9.37 24.57-9.37 33.94 0l22.67 22.67c9.36 9.36 9.37 24.52.04 33.9L131.49 256l154.02 154.75c9.34 9.38 9.32 24.54-.04 33.9l-22.67 22.67c-9.37 9.37-24.57 9.37-33.94 0L34.52 272.97c-9.37-9.37-9.37-24.57 0-33.94z\"\/>\n\t\t\t\t<\/svg>\t\t\t<\/div>\n\t\t\t<!-- Swiper Previous Button -->\n\t\t\t<div class=\"ctl-button-next\" tabindex=\"0\" role=\"button\" aria-label=\"Next slide\" aria-disabled=\"false\">\n\t\t\t\t<svg xmlns=\"http:\/\/www.w3.org\/2000\/svg\" height=\"1em\" viewBox=\"0 0 320 512\">\n\t\t\t\t<path d=\"M285.476 272.971L91.132 467.314c-9.373 9.373-24.569 9.373-33.941 0l-22.667-22.667c-9.357-9.357-9.375-24.522-.04-33.901L188.505 256 34.484 101.255c-9.335-9.379-9.317-24.544.04-33.901l22.667-22.667c9.373-9.373 24.569-9.373 33.941 0L285.475 239.03c9.373 9.372 9.373 24.568.001 33.941z\"\/>\n\t\t\t\t<\/svg>\t\t\t<\/div>\n\t\t\t<!-- Swiper Horizontal line -->\n\t\t\t<div class=\"ctl-h-line\"><\/div>\n\t\t\t\t\t\t\t\t\t\t\t\t\t\t\t\t<style id=\"cool_timeline_1-styles\" type=\"text\/css\">\n\t\t\t\t.ctl-wrapper .cool-timeline-wrapper.ctl-horizontal-wrapper.ctl-design-4 {--ctw-read-more-radius: 5px;--ctw-load-more-radius: 5px;}\t\t\t\t\/* Specific Story Style Start *\/\/* Specific Story Style End *\/\t\t\t<\/style>\n\t\t\t\t\t\t\t<\/div>\n\t\t\t<\/div>\n\t\t\t\n","protected":false},"excerpt":{"rendered":"Apoya el Kawsari I (Encuentro de Saberes de los Pueblos Originarios para el Kawsak Sacha \u2013 Selva Viviente) A finales del pr\u00f3ximo mes de julio del 2022, el Pueblo Originario Kichwa de Sarayaku realizar\u00e1 un ejercicio de autodeterminaci\u00f3n en defensa de los terriotorios de los pueblos originarios. Kawsari I (Encuentro de Saberes de los Pueblos [...]","protected":false},"author":1,"featured_media":0,"comment_status":"closed","ping_status":"closed","sticky":false,"template":"","format":"standard","meta":{"give_campaign_id":0,"footnotes":""},"categories":[9],"tags":[],"class_list":["post-16729","post","type-post","status-publish","format-standard","hentry","category-noticias"],"yoast_head":"<!-- This site is optimized with the Yoast SEO Premium plugin v18.1 (Yoast SEO v28.3) - https:\/\/yoast.com\/product\/yoast-seo-premium-wordpress\/ -->\n<title>- Pueblo Originario Kichwa de Sarayaku<\/title>\n<meta name=\"description\" content=\"Sarayaku, Pueblo Originario Kichwa del Medio D\u00eda\" \/>\n<meta name=\"robots\" content=\"index, follow, max-snippet:-1, max-image-preview:large, max-video-preview:-1\" \/>\n<link rel=\"canonical\" href=\"https:\/\/sarayaku.org\/en\/16729-2\/\" \/>\n<meta property=\"og:locale\" content=\"en_US\" \/>\n<meta property=\"og:type\" content=\"article\" \/>\n<meta property=\"og:description\" content=\"Sarayaku, Pueblo Originario Kichwa del Medio D\u00eda\" \/>\n<meta property=\"og:url\" content=\"https:\/\/sarayaku.org\/en\/16729-2\/\" \/>\n<meta property=\"og:site_name\" content=\"Pueblo Originario Kichwa de Sarayaku\" \/>\n<meta property=\"article:published_time\" content=\"2026-09-03T17:48:48+00:00\" \/>\n<meta name=\"author\" content=\"sarayaku\" \/>\n<meta name=\"twitter:label1\" content=\"Written by\" \/>\n\t<meta name=\"twitter:data1\" content=\"sarayaku\" \/>\n<script type=\"application\/ld+json\" class=\"yoast-schema-graph\">{\"@context\":\"https:\\\/\\\/schema.org\",\"@graph\":[{\"@type\":\"Article\",\"@id\":\"https:\\\/\\\/sarayaku.org\\\/16729-2\\\/#article\",\"isPartOf\":{\"@id\":\"https:\\\/\\\/sarayaku.org\\\/16729-2\\\/\"},\"author\":{\"name\":\"sarayaku\",\"@id\":\"https:\\\/\\\/sarayaku.org\\\/#\\\/schema\\\/person\\\/e6707433124023cdf0b5cd12db508b51\"},\"headline\":\"No title\",\"datePublished\":\"2026-09-03T17:48:48+00:00\",\"mainEntityOfPage\":{\"@id\":\"https:\\\/\\\/sarayaku.org\\\/16729-2\\\/\"},\"wordCount\":50,\"articleSection\":[\"Noticias\"],\"inLanguage\":\"en-US\"},{\"@type\":\"WebPage\",\"@id\":\"https:\\\/\\\/sarayaku.org\\\/16729-2\\\/\",\"url\":\"https:\\\/\\\/sarayaku.org\\\/16729-2\\\/\",\"name\":\"- Pueblo Originario Kichwa de Sarayaku\",\"isPartOf\":{\"@id\":\"https:\\\/\\\/sarayaku.org\\\/#website\"},\"datePublished\":\"2026-09-03T17:48:48+00:00\",\"author\":{\"@id\":\"https:\\\/\\\/sarayaku.org\\\/#\\\/schema\\\/person\\\/e6707433124023cdf0b5cd12db508b51\"},\"description\":\"Sarayaku, Pueblo Originario Kichwa del Medio D\u00eda\",\"inLanguage\":\"en-US\",\"potentialAction\":[{\"@type\":\"ReadAction\",\"target\":[\"https:\\\/\\\/sarayaku.org\\\/16729-2\\\/\"]}]},{\"@type\":\"WebSite\",\"@id\":\"https:\\\/\\\/sarayaku.org\\\/#website\",\"url\":\"https:\\\/\\\/sarayaku.org\\\/\",\"name\":\"Pueblo Originario Kichwa de Sarayaku\",\"description\":\"El Pueblo del Mediod\u00eda\",\"potentialAction\":[{\"@type\":\"SearchAction\",\"target\":{\"@type\":\"EntryPoint\",\"urlTemplate\":\"https:\\\/\\\/sarayaku.org\\\/?s={search_term_string}\"},\"query-input\":{\"@type\":\"PropertyValueSpecification\",\"valueRequired\":true,\"valueName\":\"search_term_string\"}}],\"inLanguage\":\"en-US\"},{\"@type\":\"Person\",\"@id\":\"https:\\\/\\\/sarayaku.org\\\/#\\\/schema\\\/person\\\/e6707433124023cdf0b5cd12db508b51\",\"name\":\"sarayaku\",\"image\":{\"@type\":\"ImageObject\",\"inLanguage\":\"en-US\",\"@id\":\"https:\\\/\\\/secure.gravatar.com\\\/avatar\\\/350b458bf2e7e2b8d04c231493a7e76da645d77eb32eedbd572036312548c539?s=96&r=g\",\"url\":\"https:\\\/\\\/secure.gravatar.com\\\/avatar\\\/350b458bf2e7e2b8d04c231493a7e76da645d77eb32eedbd572036312548c539?s=96&r=g\",\"contentUrl\":\"https:\\\/\\\/secure.gravatar.com\\\/avatar\\\/350b458bf2e7e2b8d04c231493a7e76da645d77eb32eedbd572036312548c539?s=96&r=g\",\"caption\":\"sarayaku\"},\"url\":\"https:\\\/\\\/sarayaku.org\\\/en\\\/author\\\/sarayaku\\\/\"}]}<\/script>\n<!-- \/ Yoast SEO Premium plugin. -->","yoast_head_json":{"title":"- Kichwa Native People of Sarayaku","description":"Sarayaku, Kichwa Native Village of Midday","robots":{"index":"index","follow":"follow","max-snippet":"max-snippet:-1","max-image-preview":"max-image-preview:large","max-video-preview":"max-video-preview:-1"},"canonical":"https:\/\/sarayaku.org\/en\/16729-2\/","og_locale":"en_US","og_type":"article","og_description":"Sarayaku, Pueblo Originario Kichwa del Medio D\u00eda","og_url":"https:\/\/sarayaku.org\/en\/16729-2\/","og_site_name":"Pueblo Originario Kichwa de Sarayaku","article_published_time":"2026-09-03T17:48:48+00:00","author":"sarayaku","twitter_misc":{"Written by":"sarayaku"},"schema":{"@context":"https:\/\/schema.org","@graph":[{"@type":"Article","@id":"https:\/\/sarayaku.org\/16729-2\/#article","isPartOf":{"@id":"https:\/\/sarayaku.org\/16729-2\/"},"author":{"name":"sarayaku","@id":"https:\/\/sarayaku.org\/#\/schema\/person\/e6707433124023cdf0b5cd12db508b51"},"headline":"No title","datePublished":"2026-09-03T17:48:48+00:00","mainEntityOfPage":{"@id":"https:\/\/sarayaku.org\/16729-2\/"},"wordCount":50,"articleSection":["Noticias"],"inLanguage":"en-US"},{"@type":"WebPage","@id":"https:\/\/sarayaku.org\/16729-2\/","url":"https:\/\/sarayaku.org\/16729-2\/","name":"- Kichwa Native People of Sarayaku","isPartOf":{"@id":"https:\/\/sarayaku.org\/#website"},"datePublished":"2026-09-03T17:48:48+00:00","author":{"@id":"https:\/\/sarayaku.org\/#\/schema\/person\/e6707433124023cdf0b5cd12db508b51"},"description":"Sarayaku, Kichwa Native Village of Midday","inLanguage":"en-US","potentialAction":[{"@type":"ReadAction","target":["https:\/\/sarayaku.org\/16729-2\/"]}]},{"@type":"WebSite","@id":"https:\/\/sarayaku.org\/#website","url":"https:\/\/sarayaku.org\/","name":"Original Kichwa People of Sarayaku","description":"The Town of the South","potentialAction":[{"@type":"SearchAction","target":{"@type":"EntryPoint","urlTemplate":"https:\/\/sarayaku.org\/?s={search_term_string}"},"query-input":{"@type":"PropertyValueSpecification","valueRequired":true,"valueName":"search_term_string"}}],"inLanguage":"en-US"},{"@type":"Person","@id":"https:\/\/sarayaku.org\/#\/schema\/person\/e6707433124023cdf0b5cd12db508b51","name":"sarayaku","image":{"@type":"ImageObject","inLanguage":"en-US","@id":"https:\/\/secure.gravatar.com\/avatar\/350b458bf2e7e2b8d04c231493a7e76da645d77eb32eedbd572036312548c539?s=96&r=g","url":"https:\/\/secure.gravatar.com\/avatar\/350b458bf2e7e2b8d04c231493a7e76da645d77eb32eedbd572036312548c539?s=96&r=g","contentUrl":"https:\/\/secure.gravatar.com\/avatar\/350b458bf2e7e2b8d04c231493a7e76da645d77eb32eedbd572036312548c539?s=96&r=g","caption":"sarayaku"},"url":"https:\/\/sarayaku.org\/en\/author\/sarayaku\/"}]}},"_links":{"self":[{"href":"https:\/\/sarayaku.org\/en\/wp-json\/wp\/v2\/posts\/16729","targetHints":{"allow":["GET"]}}],"collection":[{"href":"https:\/\/sarayaku.org\/en\/wp-json\/wp\/v2\/posts"}],"about":[{"href":"https:\/\/sarayaku.org\/en\/wp-json\/wp\/v2\/types\/post"}],"author":[{"embeddable":true,"href":"https:\/\/sarayaku.org\/en\/wp-json\/wp\/v2\/users\/1"}],"replies":[{"embeddable":true,"href":"https:\/\/sarayaku.org\/en\/wp-json\/wp\/v2\/comments?post=16729"}],"version-history":[{"count":1,"href":"https:\/\/sarayaku.org\/en\/wp-json\/wp\/v2\/posts\/16729\/revisions"}],"predecessor-version":[{"id":16730,"href":"https:\/\/sarayaku.org\/en\/wp-json\/wp\/v2\/posts\/16729\/revisions\/16730"}],"wp:attachment":[{"href":"https:\/\/sarayaku.org\/en\/wp-json\/wp\/v2\/media?parent=16729"}],"wp:term":[{"taxonomy":"category","embeddable":true,"href":"https:\/\/sarayaku.org\/en\/wp-json\/wp\/v2\/categories?post=16729"},{"taxonomy":"post_tag","embeddable":true,"href":"https:\/\/sarayaku.org\/en\/wp-json\/wp\/v2\/tags?post=16729"}],"curies":[{"name":"wp","href":"https:\/\/api.w.org\/{rel}","templated":true}]}}